{"id":1062,"date":"2025-10-04T14:14:41","date_gmt":"2025-10-04T12:14:41","guid":{"rendered":"https:\/\/langujobs.com\/?p=1062"},"modified":"2026-04-03T16:21:31","modified_gmt":"2026-04-03T14:21:31","slug":"jobba-i-palma-de-mallorca","status":"publish","type":"post","link":"https:\/\/staging-1.langujobs.com\/sv\/jobba-i-palma-de-mallorca\/","title":{"rendered":"Jobba i Palma de Mallorca \u2013 jobb, l\u00f6ner och livet p\u00e5 Mallorca"},"content":{"rendered":"\n<p>Att jobba i Palma de Mallorca lockar m\u00e5nga svenskar som vill arbeta utomlands i en solig medelhavsstad med avslappnad livsstil, v\u00e4xande arbetsmarknad och stor efterfr\u00e5gan p\u00e5 flerspr\u00e5kig arbetskraft f\u00f6r dem som \u00e4r intresserade av <strong><a href=\"https:\/\/staging-1.langujobs.com\/sv\/jobba-i-spanien\/\">jobba i Spanien<\/a><\/strong>. Staden erbjuder h\u00f6g livskvalitet, moderna arbetsplatser och relativt l\u00e4gre levnadskostnader j\u00e4mf\u00f6rt med m\u00e5nga v\u00e4steuropeiska huvudst\u00e4der.<\/p>\n\n\n\n<p>Palma de Mallorca har den mest internationella arbetsmarknaden p\u00e5 Balearerna, s\u00e4rskilt inom turism, shared service centers, kundservice och digitala branscher. Engelska anv\u00e4nds ofta i internationella f\u00f6retag, s\u00e4rskilt inom hotellbranschen, BPO och roller d\u00e4r man arbetar p\u00e5 distans.<\/p>\n\n\n\n<p>Om ditt m\u00e5l \u00e4r att flytta utomlands f\u00f6r arbete, njuta av sol \u00e5ret runt och bygga internationell erfarenhet i en avslappnad \u00f6milj\u00f6 \u00e4r Palma de Mallorca en av Europas mest attraktiva destinationer.<\/p>\n\n\n\n<hr class=\"wp-block-separator has-alpha-channel-opacity\"\/>\n\n\n\n<figure class=\"wp-block-image size-large\"><img fetchpriority=\"high\" decoding=\"async\" width=\"1024\" height=\"683\" src=\"https:\/\/staging-1.langujobs.com\/wp-content\/uploads\/2025\/10\/Work-in-Palma-de-Mallorca-1024x683.webp\" alt=\"Livet n\u00e4ra havet i Palma de Mallorca\" class=\"wp-image-1056\" srcset=\"https:\/\/staging-1.langujobs.com\/wp-content\/uploads\/2025\/10\/Work-in-Palma-de-Mallorca-1024x683.webp 1024w, https:\/\/staging-1.langujobs.com\/wp-content\/uploads\/2025\/10\/Work-in-Palma-de-Mallorca-300x200.webp 300w, https:\/\/staging-1.langujobs.com\/wp-content\/uploads\/2025\/10\/Work-in-Palma-de-Mallorca-768x512.webp 768w, https:\/\/staging-1.langujobs.com\/wp-content\/uploads\/2025\/10\/Work-in-Palma-de-Mallorca-1536x1024.webp 1536w, https:\/\/staging-1.langujobs.com\/wp-content\/uploads\/2025\/10\/Work-in-Palma-de-Mallorca-600x400.webp 600w, https:\/\/staging-1.langujobs.com\/wp-content\/uploads\/2025\/10\/Work-in-Palma-de-Mallorca-1200x800.webp 1200w, https:\/\/staging-1.langujobs.com\/wp-content\/uploads\/2025\/10\/Work-in-Palma-de-Mallorca.webp 2048w\" sizes=\"(max-width: 1024px) 100vw, 1024px\" \/><\/figure>\n\n\n\n<hr class=\"wp-block-separator has-alpha-channel-opacity\"\/>\n\n\n\n<h2 class=\"wp-block-heading\">Jobba i Palma de Mallorca och arbetsmarknaden<\/h2>\n\n\n\n<p>Arbetsmarknaden i Palma de Mallorca \u00e4r internationell och servicebaserad, driven av turism, outsourcing, digitala tj\u00e4nster och aff\u00e4rstj\u00e4nster.<\/p>\n\n\n\n<p>De flesta internationella jobbm\u00f6jligheterna finns i:<\/p>\n\n\n\n<ul class=\"wp-block-list\">\n<li>Palma centrum<\/li>\n\n\n\n<li>Santa Catalina<\/li>\n\n\n\n<li>Portixol<\/li>\n\n\n\n<li>El Molinar<\/li>\n\n\n\n<li>Son Vida<\/li>\n\n\n\n<li>Calvi\u00e0<\/li>\n<\/ul>\n\n\n\n<p>Efterfr\u00e5gan p\u00e5 arbetskraft \u00e4r s\u00e4rskilt h\u00f6g inom:<\/p>\n\n\n\n<ul class=\"wp-block-list\">\n<li>turism och hotell<\/li>\n\n\n\n<li>shared service centers och BPO<\/li>\n\n\n\n<li>kundservice f\u00f6r internationella marknader<\/li>\n\n\n\n<li>digital marknadsf\u00f6ring<\/li>\n\n\n\n<li>content moderation och trust &amp; safety<\/li>\n\n\n\n<li>f\u00f6rs\u00e4ljning och business development<\/li>\n\n\n\n<li>tekniska roller p\u00e5 distans eller hybrid<\/li>\n<\/ul>\n\n\n\n<p>M\u00e5nga internationella f\u00f6retag driver servicecenter eller mindre kontor i Palma de Mallorca och anst\u00e4ller flerspr\u00e5kig personal som arbetar mot europeiska kunder. Engelska \u00e4r ofta arbetsspr\u00e5ket i dessa roller och ytterligare europeiska spr\u00e5k \u00e4r en stor f\u00f6rdel.<\/p>\n\n\n\n<p>Kandidater med spr\u00e5kkunskaper, erfarenhet av kundservice och internationell bakgrund har ofta l\u00e4ttast att hitta arbete.<\/p>\n\n\n\n<hr class=\"wp-block-separator has-alpha-channel-opacity\"\/>\n\n\n\n<figure class=\"wp-block-image size-large\"><img decoding=\"async\" width=\"1024\" height=\"683\" src=\"https:\/\/staging-1.langujobs.com\/wp-content\/uploads\/2025\/10\/david-vives-12cqhQNVUIg-unsplash-1024x683.jpg\" alt=\"Vardagsliv och m\u00e4nniskor i Palma de Mallorca\" class=\"wp-image-8164\" srcset=\"https:\/\/staging-1.langujobs.com\/wp-content\/uploads\/2025\/10\/david-vives-12cqhQNVUIg-unsplash-1024x683.jpg 1024w, https:\/\/staging-1.langujobs.com\/wp-content\/uploads\/2025\/10\/david-vives-12cqhQNVUIg-unsplash-300x200.jpg 300w, https:\/\/staging-1.langujobs.com\/wp-content\/uploads\/2025\/10\/david-vives-12cqhQNVUIg-unsplash-768x512.jpg 768w, https:\/\/staging-1.langujobs.com\/wp-content\/uploads\/2025\/10\/david-vives-12cqhQNVUIg-unsplash-1536x1024.jpg 1536w, https:\/\/staging-1.langujobs.com\/wp-content\/uploads\/2025\/10\/david-vives-12cqhQNVUIg-unsplash-2048x1365.jpg 2048w, https:\/\/staging-1.langujobs.com\/wp-content\/uploads\/2025\/10\/david-vives-12cqhQNVUIg-unsplash-600x400.jpg 600w, https:\/\/staging-1.langujobs.com\/wp-content\/uploads\/2025\/10\/david-vives-12cqhQNVUIg-unsplash-1200x800.jpg 1200w\" sizes=\"(max-width: 1024px) 100vw, 1024px\" \/><\/figure>\n\n\n\n<hr class=\"wp-block-separator has-alpha-channel-opacity\"\/>\n\n\n\n<h2 class=\"wp-block-heading\">Vanliga jobb f\u00f6r svenskar i Palma de Mallorca<\/h2>\n\n\n\n<p>Svenskar i Palma de Mallorca arbetar ofta i roller d\u00e4r spr\u00e5kkunskaper, serviceerfarenhet eller internationell arbetsmilj\u00f6 \u00e4r viktigt.<\/p>\n\n\n\n<p>N\u00e5gra av de vanligaste jobben \u00e4r:<\/p>\n\n\n\n<ul class=\"wp-block-list\">\n<li>kundservicemedarbetare f\u00f6r internationella marknader<\/li>\n\n\n\n<li>content moderators och trust &amp; safety-roller<\/li>\n\n\n\n<li>specialister i shared service centers<\/li>\n\n\n\n<li>specialister inom digital marknadsf\u00f6ring<\/li>\n\n\n\n<li>s\u00e4ljare och account managers<\/li>\n\n\n\n<li>hotell- och resortpersonal<\/li>\n\n\n\n<li>IT- och techjobb p\u00e5 distans<\/li>\n<\/ul>\n\n\n\n<p>M\u00e5nga instegsroller inom kundservice och BPO kr\u00e4ver inte tidigare erfarenhet, s\u00e4rskilt om du talar ett eller flera europeiska spr\u00e5k. Jobb inom turism \u00e4r vanligt f\u00f6rekommande men ofta s\u00e4songsbaserade.<\/p>\n\n\n\n<hr class=\"wp-block-separator has-alpha-channel-opacity\"\/>\n\n\n\n<h2 class=\"wp-block-heading\">L\u00f6ner i Palma de Mallorca \u2013 vad kan du tj\u00e4na?<\/h2>\n\n\n\n<p>L\u00f6nerna i Palma de Mallorca \u00e4r l\u00e4gre \u00e4n i norra Europa men relativt bra i f\u00f6rh\u00e5llande till levnadskostnaderna.<\/p>\n\n\n\n<p>Typiska bruttol\u00f6ner per m\u00e5nad:<\/p>\n\n\n\n<ul class=\"wp-block-list\">\n<li>Kundservice \/ support: \u20ac1,300\u2013\u20ac1,900<\/li>\n\n\n\n<li>F\u00f6rs\u00e4ljning \/ business development: \u20ac1,600\u2013\u20ac2,800<\/li>\n\n\n\n<li>Shared service centers: \u20ac1,400\u2013\u20ac2,200<\/li>\n\n\n\n<li>Digital marknadsf\u00f6ring: \u20ac1,700\u2013\u20ac3,000<\/li>\n\n\n\n<li>Content moderation: \u20ac1,300\u2013\u20ac2,000<\/li>\n\n\n\n<li>IT-roller p\u00e5 distans: \u20ac2,400\u2013\u20ac4,800+<\/li>\n<\/ul>\n\n\n\n<p>M\u00e5nga arbetsgivare erbjuder ocks\u00e5 f\u00f6rm\u00e5ner som:<\/p>\n\n\n\n<ul class=\"wp-block-list\">\n<li>prestationsbonusar<\/li>\n\n\n\n<li>m\u00e5ltidskuponger<\/li>\n\n\n\n<li>privat sjukf\u00f6rs\u00e4kring<\/li>\n\n\n\n<li>relocation-paket f\u00f6r internationella anst\u00e4llda<\/li>\n\n\n\n<li>flexibla arbetstider<\/li>\n<\/ul>\n\n\n\n<p>L\u00e4gre hyror och vardagskostnader kan delvis kompensera f\u00f6r de l\u00e4gre l\u00f6neniv\u00e5erna.<\/p>\n\n\n\n<hr class=\"wp-block-separator has-alpha-channel-opacity\"\/>\n\n\n\n<h2 class=\"wp-block-heading\">Hur rekrytering fungerar i Palma de Mallorca<\/h2>\n\n\n\n<p>Internationell rekrytering sker oftast via:<\/p>\n\n\n\n<ul class=\"wp-block-list\">\n<li>multinationella outsourcingf\u00f6retag<\/li>\n\n\n\n<li>arbetsgivare inom turism och hotell<\/li>\n\n\n\n<li>rekryteringsf\u00f6retag som fokuserar p\u00e5 flerspr\u00e5kig arbetskraft<\/li>\n\n\n\n<li>f\u00f6retagens interna HR-team<\/li>\n<\/ul>\n\n\n\n<p>F\u00f6r m\u00e5nga roller, s\u00e4rskilt inom kundservice och shared service centers, \u00e4r f\u00f6retag \u00f6ppna f\u00f6r kandidater som s\u00f6ker fr\u00e5n utlandet och flyttar efter att de f\u00e5tt ett jobberbjudande.<\/p>\n\n\n\n<p>Vanliga steg i rekryteringsprocessen:<\/p>\n\n\n\n<ul class=\"wp-block-list\">\n<li>onlineans\u00f6kan och CV-granskning<\/li>\n\n\n\n<li>en eller flera videointervjuer<\/li>\n\n\n\n<li>spr\u00e5k- eller kompetenstest f\u00f6r vissa roller<\/li>\n\n\n\n<li>ett skriftligt jobberbjudande och anst\u00e4llningsavtal<\/li>\n<\/ul>\n\n\n\n<p>Relocation-st\u00f6d \u00e4r vanligt och kan inkludera hj\u00e4lp med boende, registrering, skatte\u00e4renden eller initiala levnadskostnader.<\/p>\n\n\n\n<hr class=\"wp-block-separator has-alpha-channel-opacity\"\/>\n\n\n\n<h2 class=\"wp-block-heading\">Skatter och arbetsvillkor i Palma de Mallorca<\/h2>\n\n\n\n<p>Spanien har reglerade arbetstider, betald semester och tydliga anst\u00e4llningsavtal. Arbetsvillkoren \u00e4r generellt bra, s\u00e4rskilt i internationella f\u00f6retag.<\/p>\n\n\n\n<p>Inkomstskatten \u00e4r relativt h\u00f6g j\u00e4mf\u00f6rt med vissa EU-l\u00e4nder. Anst\u00e4llda betalar \u00e4ven sociala avgifter som finansierar offentlig sjukv\u00e5rd och pensioner.<\/p>\n\n\n\n<p>Officiell skatteinformation finns hos den spanska skattemyndigheten:<br><a href=\"https:\/\/www.agenciatributaria.es\">https:\/\/www.agenciatributaria.es<\/a><\/p>\n\n\n\n<hr class=\"wp-block-separator has-alpha-channel-opacity\"\/>\n\n\n\n<figure class=\"wp-block-image size-large\"><img decoding=\"async\" width=\"1024\" height=\"683\" src=\"https:\/\/staging-1.langujobs.com\/wp-content\/uploads\/2025\/10\/ana-nichita-Ct3tTn6wQM-unsplash-1024x683.jpg\" alt=\"M\u00e4nniskor p\u00e5 v\u00e4g till jobbet i Palma de Mallorca\" class=\"wp-image-8166\" srcset=\"https:\/\/staging-1.langujobs.com\/wp-content\/uploads\/2025\/10\/ana-nichita-Ct3tTn6wQM-unsplash-1024x683.jpg 1024w, https:\/\/staging-1.langujobs.com\/wp-content\/uploads\/2025\/10\/ana-nichita-Ct3tTn6wQM-unsplash-300x200.jpg 300w, https:\/\/staging-1.langujobs.com\/wp-content\/uploads\/2025\/10\/ana-nichita-Ct3tTn6wQM-unsplash-768x512.jpg 768w, https:\/\/staging-1.langujobs.com\/wp-content\/uploads\/2025\/10\/ana-nichita-Ct3tTn6wQM-unsplash-1536x1024.jpg 1536w, https:\/\/staging-1.langujobs.com\/wp-content\/uploads\/2025\/10\/ana-nichita-Ct3tTn6wQM-unsplash-2048x1365.jpg 2048w, https:\/\/staging-1.langujobs.com\/wp-content\/uploads\/2025\/10\/ana-nichita-Ct3tTn6wQM-unsplash-600x400.jpg 600w, https:\/\/staging-1.langujobs.com\/wp-content\/uploads\/2025\/10\/ana-nichita-Ct3tTn6wQM-unsplash-1200x800.jpg 1200w\" sizes=\"(max-width: 1024px) 100vw, 1024px\" \/><\/figure>\n\n\n\n<hr class=\"wp-block-separator has-alpha-channel-opacity\"\/>\n\n\n\n<h2 class=\"wp-block-heading\">Flytta till Palma de Mallorca f\u00f6r arbete<\/h2>\n\n\n\n<p>EU- och EES-medborgare kan bo och arbeta i Spanien utan arbetstillst\u00e5nd. Personer utanf\u00f6r EU beh\u00f6ver vanligtvis uppeh\u00e5lls- och arbetstillst\u00e5nd beroende p\u00e5 nationalitet och jobberbjudande.<\/p>\n\n\n\n<p>Information om uppeh\u00e5lls- och arbetstillst\u00e5nd finns hos Spaniens migrationsmyndighet:<br><a href=\"https:\/\/www.inclusion.gob.es\">https:\/\/www.inclusion.gob.es<\/a><\/p>\n\n\n\n<p>Allm\u00e4n information om myndighetstj\u00e4nster finns via den spanska statens portal:<br><a href=\"https:\/\/administracion.gob.es\">https:\/\/administracion.gob.es<\/a><\/p>\n\n\n\n<p>Vid l\u00e4ngre vistelser beh\u00f6ver du registrera din adress och skaffa ett NIE-nummer som kr\u00e4vs f\u00f6r arbete, skatter, bankkonto och offentliga tj\u00e4nster.<\/p>\n\n\n\n<hr class=\"wp-block-separator has-alpha-channel-opacity\"\/>\n\n\n\n<h2 class=\"wp-block-heading\">Boende i Palma de Mallorca<\/h2>\n\n\n\n<p>Boende i Palma de Mallorca \u00e4r dyrare \u00e4n i m\u00e5nga delar av fastlandet i Spanien, s\u00e4rskilt n\u00e4ra havet och i popul\u00e4ra omr\u00e5den.<\/p>\n\n\n\n<p>M\u00e5nga nyinflyttade b\u00f6rjar med delat boende eller korttidsuthyrning medan de letar efter ett permanent boende.<\/p>\n\n\n\n<p>Hyran f\u00f6r en etta b\u00f6rjar vanligtvis runt \u20ac900\u2013\u20ac1,500 per m\u00e5nad beroende p\u00e5 omr\u00e5de. Deposition p\u00e5 en till tv\u00e5 m\u00e5naders hyra \u00e4r vanligt.<\/p>\n\n\n\n<hr class=\"wp-block-separator has-alpha-channel-opacity\"\/>\n\n\n\n<h2 class=\"wp-block-heading\">Att leva och arbeta i Palma de Mallorca<\/h2>\n\n\n\n<p>Palma de Mallorca erbjuder h\u00f6g livskvalitet, varmt klimat och en avslappnad livsstil vid havet.<\/p>\n\n\n\n<p>M\u00e5nga uppskattar solen \u00e5ret runt, n\u00e4rheten till str\u00e4nder och den v\u00e4nliga atmosf\u00e4ren.<\/p>\n\n\n\n<p>Staden har \u00e4ven ett starkt restaurangliv, nattliv och m\u00e5nga kulturella aktiviteter.<\/p>\n\n\n\n<hr class=\"wp-block-separator has-alpha-channel-opacity\"\/>\n\n\n\n<h2 class=\"wp-block-heading\">Transport i Palma de Mallorca<\/h2>\n\n\n\n<p>Kollektivtrafiken \u00e4r prisv\u00e4rd och v\u00e4l utbyggd med bussar och tunnelbanelinjer.<\/p>\n\n\n\n<p>M\u00e5nga anv\u00e4nder bil f\u00f6r pendling utanf\u00f6r centrala Palma.<\/p>\n\n\n\n<p>\u00d6n har goda flyg- och f\u00e4rjef\u00f6rbindelser till fastlandet i Spanien och resten av Europa.<\/p>\n\n\n\n<hr class=\"wp-block-separator has-alpha-channel-opacity\"\/>\n\n\n\n<figure class=\"wp-block-image size-large\"><img loading=\"lazy\" decoding=\"async\" width=\"1024\" height=\"683\" src=\"https:\/\/staging-1.langujobs.com\/wp-content\/uploads\/2025\/10\/tom-podmore-SaW5DBItJHI-unsplash-1024x683.jpg\" alt=\"Katedralen i Palma de Mallorca\" class=\"wp-image-8165\" srcset=\"https:\/\/staging-1.langujobs.com\/wp-content\/uploads\/2025\/10\/tom-podmore-SaW5DBItJHI-unsplash-1024x683.jpg 1024w, https:\/\/staging-1.langujobs.com\/wp-content\/uploads\/2025\/10\/tom-podmore-SaW5DBItJHI-unsplash-300x200.jpg 300w, https:\/\/staging-1.langujobs.com\/wp-content\/uploads\/2025\/10\/tom-podmore-SaW5DBItJHI-unsplash-768x512.jpg 768w, https:\/\/staging-1.langujobs.com\/wp-content\/uploads\/2025\/10\/tom-podmore-SaW5DBItJHI-unsplash-1536x1024.jpg 1536w, https:\/\/staging-1.langujobs.com\/wp-content\/uploads\/2025\/10\/tom-podmore-SaW5DBItJHI-unsplash-2048x1365.jpg 2048w, https:\/\/staging-1.langujobs.com\/wp-content\/uploads\/2025\/10\/tom-podmore-SaW5DBItJHI-unsplash-600x400.jpg 600w, https:\/\/staging-1.langujobs.com\/wp-content\/uploads\/2025\/10\/tom-podmore-SaW5DBItJHI-unsplash-1200x800.jpg 1200w\" sizes=\"(max-width: 1024px) 100vw, 1024px\" \/><\/figure>\n\n\n\n<hr class=\"wp-block-separator has-alpha-channel-opacity\"\/>\n\n\n\n<h2 class=\"wp-block-heading\">F\u00f6rdelar och nackdelar med att jobba i Palma de Mallorca<\/h2>\n\n\n\n<h3 class=\"wp-block-heading\">F\u00f6rdelar<\/h3>\n\n\n\n<ul class=\"wp-block-list\">\n<li>varmt klimat \u00e5ret runt<\/li>\n\n\n\n<li>h\u00f6g livskvalitet<\/li>\n\n\n\n<li>avslappnad livsstil<\/li>\n\n\n\n<li>internationell arbetsmarknad<\/li>\n\n\n\n<li>vacker kustmilj\u00f6<\/li>\n<\/ul>\n\n\n\n<h3 class=\"wp-block-heading\">Nackdelar<\/h3>\n\n\n\n<ul class=\"wp-block-list\">\n<li>l\u00e4gre l\u00f6ner \u00e4n i norra Europa<\/li>\n\n\n\n<li>stigande bostadspriser<\/li>\n\n\n\n<li>s\u00e4songsbetonad arbetsmarknad inom turism<\/li>\n\n\n\n<li>relativt liten arbetsmarknad<\/li>\n\n\n\n<li>geografiskt avst\u00e5nd till fastlandet<\/li>\n<\/ul>\n\n\n\n<hr class=\"wp-block-separator has-alpha-channel-opacity\"\/>\n\n\n\n<h2 class=\"wp-block-heading\">St\u00e4der i Spanien med internationella jobbm\u00f6jligheter<\/h2>\n\n\n\n<p>M\u00e5nga som vill jobba i Spanien \u00f6verv\u00e4ger flera st\u00f6rre st\u00e4der med stark arbetsmarknad, internationella f\u00f6retag och v\u00e4xande efterfr\u00e5gan p\u00e5 flerspr\u00e5kig kompetens.<\/p>\n\n\n\n<ul class=\"wp-block-list\">\n<li><strong><a href=\"https:\/\/staging-1.langujobs.com\/sv\/jobba-i-barcelona\/\">Jobba i Barcelona<\/a><\/strong><\/li>\n\n\n\n<li><strong><a href=\"https:\/\/staging-1.langujobs.com\/sv\/jobba-i-madrid\/\">Jobba i Madrid<\/a><\/strong><\/li>\n\n\n\n<li><strong><a href=\"https:\/\/staging-1.langujobs.com\/sv\/jobba-i-malaga\/\">Jobba i Malaga<\/a><\/strong><\/li>\n\n\n\n<li><strong><a href=\"https:\/\/staging-1.langujobs.com\/sv\/jobba-i-marbella\/\">Jobba i Marbella<\/a><\/strong><\/li>\n\n\n\n<li><strong><a href=\"https:\/\/staging-1.langujobs.com\/sv\/jobba-pa-gran-canaria\/\">Jobba p\u00e5 Gran Canaria<\/a><\/strong><\/li>\n<\/ul>\n\n\n\n<hr class=\"wp-block-separator has-alpha-channel-opacity\"\/>\n\n\n\n<h2 class=\"wp-block-heading\">FAQ \u2013 jobb i Palma de Mallorca<\/h2>\n\n\n\n<p><strong>\u00c4r det l\u00e4tt att hitta jobb i Palma de Mallorca?<\/strong><br>Det kan vara m\u00f6jligt, s\u00e4rskilt inom kundservice, shared service centers, turism och content moderation. Palma har en liten men internationell arbetsmarknad med stor efterfr\u00e5gan p\u00e5 flerspr\u00e5kig arbetskraft.<\/p>\n\n\n\n<p><strong>M\u00e5ste jag kunna spanska?<\/strong><br>Inte alltid. Engelska r\u00e4cker f\u00f6r m\u00e5nga internationella jobb, s\u00e4rskilt inom BPO och kundservice. Spanska \u00e4r dock en f\u00f6rdel i vardagen och f\u00f6r l\u00e5ngsiktig integration.<\/p>\n\n\n\n<p><strong>Beh\u00f6ver jag arbetstillst\u00e5nd?<\/strong><br>EU- och EES-medborgare beh\u00f6ver inget arbetstillst\u00e5nd i Spanien. Personer utanf\u00f6r EU beh\u00f6ver vanligtvis ett uppeh\u00e5lls- och arbetstillst\u00e5nd.<\/p>\n\n\n\n<p><strong>\u00c4r Palma de Mallorca dyrt?<\/strong><br>Levnadskostnaderna \u00e4r medelh\u00f6ga till h\u00f6ga j\u00e4mf\u00f6rt med spanska fastlandet, fr\u00e4mst p\u00e5 grund av bostadspriser, men fortfarande l\u00e4gre \u00e4n i m\u00e5nga v\u00e4steuropeiska storst\u00e4der.<\/p>\n\n\n\n<hr class=\"wp-block-separator has-alpha-channel-opacity\"\/>\n\n\n\n<h2 class=\"wp-block-heading\">Sammanfattning \u2013 passar Palma de Mallorca dig?<\/h2>\n\n\n\n<p>Palma de Mallorca \u00e4r ett bra val om du vill f\u00e5 internationell arbetslivserfarenhet, leva i ett varmt klimat och njuta av en avslappnad \u00f6livsstil med h\u00f6g livskvalitet. \u00c4ven om l\u00f6nerna \u00e4r l\u00e4gre \u00e4n i norra Europa och arbetsmarknaden \u00e4r mindre, g\u00f6r klimatet, livsstilen och efterfr\u00e5gan p\u00e5 flerspr\u00e5kig arbetskraft staden till en attraktiv destination f\u00f6r att arbeta utomlands.<\/p>\n\n\n\n<p>Om du vill j\u00e4mf\u00f6ra destinationer kan du l\u00e4sa mer om <strong><a href=\"https:\/\/staging-1.langujobs.com\/sv\/\">jobb utomlands<\/a><\/strong>. Redo f\u00f6r n\u00e4sta steg? Se <strong><a href=\"https:\/\/staging-1.langujobs.com\/sv\/jobb\/\">lediga jobb<\/a><\/strong> och hitta nya m\u00f6jligheter.<\/p>\n","protected":false},"excerpt":{"rendered":"<p>Upplev livet omgiven av medelhavskultur och solsken genom att arbeta i Palma de Mallorca. Med \u00f6ver 300 soldagar om \u00e5ret, vita sandstr\u00e4nder och kristallklart vatten lockar denna livliga destination m\u00e4nniskor fr\u00e5n hela v\u00e4rlden som vill starta ett nytt liv i paradiset.<\/p>\n","protected":false},"author":6,"featured_media":1061,"comment_status":"closed","ping_status":"closed","sticky":false,"template":"","format":"standard","meta":{"footnotes":""},"categories":[299,532,278,303],"tags":[],"class_list":{"0":"post-1062","1":"post","2":"type-post","3":"status-publish","4":"format-standard","5":"has-post-thumbnail","6":"hentry","7":"category-palma-de-mallorca","9":"category-spain"},"yoast_head":"<!-- This site is optimized with the Yoast SEO plugin v27.3 - https:\/\/yoast.com\/product\/yoast-seo-wordpress\/ -->\n<title>Jobba i Palma de Mallorca \u2013 jobb, l\u00f6n och arbetsmarknad<\/title>\n<meta name=\"description\" content=\"Jobba i Palma de Mallorca \u2013 jobb, l\u00f6ner och boende. Uppt\u00e4ck m\u00f6jligheter inom turism, kundservice, digitala roller och internationella f\u00f6retag.\" \/>\n<meta name=\"robots\" content=\"noindex, follow, max-snippet:-1, max-image-preview:large, max-video-preview:-1\" \/>\n<meta property=\"og:locale\" content=\"sv_SE\" \/>\n<meta property=\"og:type\" content=\"article\" \/>\n<meta property=\"og:title\" content=\"Jobba i Palma de Mallorca \u2013 jobb, l\u00f6n och arbetsmarknad\" \/>\n<meta property=\"og:description\" content=\"Jobba i Palma de Mallorca \u2013 jobb, l\u00f6ner och boende. Uppt\u00e4ck m\u00f6jligheter inom turism, kundservice, digitala roller och internationella f\u00f6retag.\" \/>\n<meta property=\"og:url\" content=\"https:\/\/staging-1.langujobs.com\/sv\/jobba-i-palma-de-mallorca\/\" \/>\n<meta property=\"og:site_name\" content=\"Langujobs\" \/>\n<meta property=\"article:published_time\" content=\"2025-10-04T12:14:41+00:00\" \/>\n<meta property=\"article:modified_time\" content=\"2026-04-03T14:21:31+00:00\" \/>\n<meta property=\"og:image\" content=\"https:\/\/staging-1.langujobs.com\/wp-content\/uploads\/2025\/10\/work-at-Palma-de-Mallorca.webp\" \/>\n\t<meta property=\"og:image:width\" content=\"1536\" \/>\n\t<meta property=\"og:image:height\" content=\"974\" \/>\n\t<meta property=\"og:image:type\" content=\"image\/webp\" \/>\n<meta name=\"author\" content=\"Jessica\" \/>\n<meta name=\"twitter:card\" content=\"summary_large_image\" \/>\n<meta name=\"twitter:label1\" content=\"Skriven av\" \/>\n\t<meta name=\"twitter:data1\" content=\"Jessica\" \/>\n\t<meta name=\"twitter:label2\" content=\"Ber\u00e4knad l\u00e4stid\" \/>\n\t<meta name=\"twitter:data2\" content=\"6 minut\" \/>\n<script type=\"application\/ld+json\" class=\"yoast-schema-graph\">{\"@context\":\"https:\\\/\\\/schema.org\",\"@graph\":[{\"@type\":\"Article\",\"@id\":\"https:\\\/\\\/staging-1.langujobs.com\\\/sv\\\/jobba-i-palma-de-mallorca\\\/#article\",\"isPartOf\":{\"@id\":\"https:\\\/\\\/staging-1.langujobs.com\\\/sv\\\/jobba-i-palma-de-mallorca\\\/\"},\"author\":{\"name\":\"Jessica\",\"@id\":\"https:\\\/\\\/staging-1.langujobs.com\\\/sv\\\/#\\\/schema\\\/person\\\/4c370e61f09968a02984d65c8f3f8707\"},\"headline\":\"Jobba i Palma de Mallorca \u2013 jobb, l\u00f6ner och livet p\u00e5 Mallorca\",\"datePublished\":\"2025-10-04T12:14:41+00:00\",\"dateModified\":\"2026-04-03T14:21:31+00:00\",\"mainEntityOfPage\":{\"@id\":\"https:\\\/\\\/staging-1.langujobs.com\\\/sv\\\/jobba-i-palma-de-mallorca\\\/\"},\"wordCount\":1290,\"publisher\":{\"@id\":\"https:\\\/\\\/staging-1.langujobs.com\\\/sv\\\/#organization\"},\"image\":{\"@id\":\"https:\\\/\\\/staging-1.langujobs.com\\\/sv\\\/jobba-i-palma-de-mallorca\\\/#primaryimage\"},\"thumbnailUrl\":\"https:\\\/\\\/staging-1.langujobs.com\\\/wp-content\\\/uploads\\\/2025\\\/10\\\/work-at-Palma-de-Mallorca.webp\",\"articleSection\":[\"Palma de Mallorca\",\"Palma de Mallorca\",\"Spain\",\"Spanien\"],\"inLanguage\":\"sv-SE\"},{\"@type\":\"WebPage\",\"@id\":\"https:\\\/\\\/staging-1.langujobs.com\\\/sv\\\/jobba-i-palma-de-mallorca\\\/\",\"url\":\"https:\\\/\\\/staging-1.langujobs.com\\\/sv\\\/jobba-i-palma-de-mallorca\\\/\",\"name\":\"Jobba i Palma de Mallorca \u2013 jobb, l\u00f6n och arbetsmarknad\",\"isPartOf\":{\"@id\":\"https:\\\/\\\/staging-1.langujobs.com\\\/sv\\\/#website\"},\"primaryImageOfPage\":{\"@id\":\"https:\\\/\\\/staging-1.langujobs.com\\\/sv\\\/jobba-i-palma-de-mallorca\\\/#primaryimage\"},\"image\":{\"@id\":\"https:\\\/\\\/staging-1.langujobs.com\\\/sv\\\/jobba-i-palma-de-mallorca\\\/#primaryimage\"},\"thumbnailUrl\":\"https:\\\/\\\/staging-1.langujobs.com\\\/wp-content\\\/uploads\\\/2025\\\/10\\\/work-at-Palma-de-Mallorca.webp\",\"datePublished\":\"2025-10-04T12:14:41+00:00\",\"dateModified\":\"2026-04-03T14:21:31+00:00\",\"description\":\"Jobba i Palma de Mallorca \u2013 jobb, l\u00f6ner och boende. Uppt\u00e4ck m\u00f6jligheter inom turism, kundservice, digitala roller och internationella f\u00f6retag.\",\"breadcrumb\":{\"@id\":\"https:\\\/\\\/staging-1.langujobs.com\\\/sv\\\/jobba-i-palma-de-mallorca\\\/#breadcrumb\"},\"inLanguage\":\"sv-SE\",\"potentialAction\":[{\"@type\":\"ReadAction\",\"target\":[\"https:\\\/\\\/staging-1.langujobs.com\\\/sv\\\/jobba-i-palma-de-mallorca\\\/\"]}]},{\"@type\":\"ImageObject\",\"inLanguage\":\"sv-SE\",\"@id\":\"https:\\\/\\\/staging-1.langujobs.com\\\/sv\\\/jobba-i-palma-de-mallorca\\\/#primaryimage\",\"url\":\"https:\\\/\\\/staging-1.langujobs.com\\\/wp-content\\\/uploads\\\/2025\\\/10\\\/work-at-Palma-de-Mallorca.webp\",\"contentUrl\":\"https:\\\/\\\/staging-1.langujobs.com\\\/wp-content\\\/uploads\\\/2025\\\/10\\\/work-at-Palma-de-Mallorca.webp\",\"width\":1536,\"height\":974},{\"@type\":\"BreadcrumbList\",\"@id\":\"https:\\\/\\\/staging-1.langujobs.com\\\/sv\\\/jobba-i-palma-de-mallorca\\\/#breadcrumb\",\"itemListElement\":[{\"@type\":\"ListItem\",\"position\":1,\"name\":\"Home\",\"item\":\"https:\\\/\\\/staging-1.langujobs.com\\\/sv\\\/\"},{\"@type\":\"ListItem\",\"position\":2,\"name\":\"Jobba i Palma de Mallorca \u2013 jobb, l\u00f6ner och livet p\u00e5 Mallorca\"}]},{\"@type\":\"WebSite\",\"@id\":\"https:\\\/\\\/staging-1.langujobs.com\\\/sv\\\/#website\",\"url\":\"https:\\\/\\\/staging-1.langujobs.com\\\/sv\\\/\",\"name\":\"Langujobs\",\"description\":\"Find Your Dream Language Job Abroad\",\"publisher\":{\"@id\":\"https:\\\/\\\/staging-1.langujobs.com\\\/sv\\\/#organization\"},\"potentialAction\":[{\"@type\":\"SearchAction\",\"target\":{\"@type\":\"EntryPoint\",\"urlTemplate\":\"https:\\\/\\\/staging-1.langujobs.com\\\/sv\\\/?s={search_term_string}\"},\"query-input\":{\"@type\":\"PropertyValueSpecification\",\"valueRequired\":true,\"valueName\":\"search_term_string\"}}],\"inLanguage\":\"sv-SE\"},{\"@type\":\"Organization\",\"@id\":\"https:\\\/\\\/staging-1.langujobs.com\\\/sv\\\/#organization\",\"name\":\"Langujobs\",\"url\":\"https:\\\/\\\/staging-1.langujobs.com\\\/sv\\\/\",\"logo\":{\"@type\":\"ImageObject\",\"inLanguage\":\"sv-SE\",\"@id\":\"https:\\\/\\\/staging-1.langujobs.com\\\/sv\\\/#\\\/schema\\\/logo\\\/image\\\/\",\"url\":\"https:\\\/\\\/staging-1.langujobs.com\\\/wp-content\\\/uploads\\\/2025\\\/05\\\/langujobs-logo-full.png\",\"contentUrl\":\"https:\\\/\\\/staging-1.langujobs.com\\\/wp-content\\\/uploads\\\/2025\\\/05\\\/langujobs-logo-full.png\",\"width\":540,\"height\":108,\"caption\":\"Langujobs\"},\"image\":{\"@id\":\"https:\\\/\\\/staging-1.langujobs.com\\\/sv\\\/#\\\/schema\\\/logo\\\/image\\\/\"}},{\"@type\":\"Person\",\"@id\":\"https:\\\/\\\/staging-1.langujobs.com\\\/sv\\\/#\\\/schema\\\/person\\\/4c370e61f09968a02984d65c8f3f8707\",\"name\":\"Jessica\",\"image\":{\"@type\":\"ImageObject\",\"inLanguage\":\"sv-SE\",\"@id\":\"https:\\\/\\\/secure.gravatar.com\\\/avatar\\\/378be037fa4a43092601ba38fd93ca56647cdbd98ec0d16f480d9132acae3ce6?s=96&d=mm&r=g\",\"url\":\"https:\\\/\\\/secure.gravatar.com\\\/avatar\\\/378be037fa4a43092601ba38fd93ca56647cdbd98ec0d16f480d9132acae3ce6?s=96&d=mm&r=g\",\"contentUrl\":\"https:\\\/\\\/secure.gravatar.com\\\/avatar\\\/378be037fa4a43092601ba38fd93ca56647cdbd98ec0d16f480d9132acae3ce6?s=96&d=mm&r=g\",\"caption\":\"Jessica\"}}]}<\/script>\n<!-- \/ Yoast SEO plugin. -->","yoast_head_json":{"title":"Jobba i Palma de Mallorca \u2013 jobb, l\u00f6n och arbetsmarknad","description":"Jobba i Palma de Mallorca \u2013 jobb, l\u00f6ner och boende. Uppt\u00e4ck m\u00f6jligheter inom turism, kundservice, digitala roller och internationella f\u00f6retag.","robots":{"index":"noindex","follow":"follow","max-snippet":"max-snippet:-1","max-image-preview":"max-image-preview:large","max-video-preview":"max-video-preview:-1"},"og_locale":"sv_SE","og_type":"article","og_title":"Jobba i Palma de Mallorca \u2013 jobb, l\u00f6n och arbetsmarknad","og_description":"Jobba i Palma de Mallorca \u2013 jobb, l\u00f6ner och boende. Uppt\u00e4ck m\u00f6jligheter inom turism, kundservice, digitala roller och internationella f\u00f6retag.","og_url":"https:\/\/staging-1.langujobs.com\/sv\/jobba-i-palma-de-mallorca\/","og_site_name":"Langujobs","article_published_time":"2025-10-04T12:14:41+00:00","article_modified_time":"2026-04-03T14:21:31+00:00","og_image":[{"width":1536,"height":974,"url":"https:\/\/staging-1.langujobs.com\/wp-content\/uploads\/2025\/10\/work-at-Palma-de-Mallorca.webp","type":"image\/webp"}],"author":"Jessica","twitter_card":"summary_large_image","twitter_misc":{"Skriven av":"Jessica","Ber\u00e4knad l\u00e4stid":"6 minut"},"schema":{"@context":"https:\/\/schema.org","@graph":[{"@type":"Article","@id":"https:\/\/staging-1.langujobs.com\/sv\/jobba-i-palma-de-mallorca\/#article","isPartOf":{"@id":"https:\/\/staging-1.langujobs.com\/sv\/jobba-i-palma-de-mallorca\/"},"author":{"name":"Jessica","@id":"https:\/\/staging-1.langujobs.com\/sv\/#\/schema\/person\/4c370e61f09968a02984d65c8f3f8707"},"headline":"Jobba i Palma de Mallorca \u2013 jobb, l\u00f6ner och livet p\u00e5 Mallorca","datePublished":"2025-10-04T12:14:41+00:00","dateModified":"2026-04-03T14:21:31+00:00","mainEntityOfPage":{"@id":"https:\/\/staging-1.langujobs.com\/sv\/jobba-i-palma-de-mallorca\/"},"wordCount":1290,"publisher":{"@id":"https:\/\/staging-1.langujobs.com\/sv\/#organization"},"image":{"@id":"https:\/\/staging-1.langujobs.com\/sv\/jobba-i-palma-de-mallorca\/#primaryimage"},"thumbnailUrl":"https:\/\/staging-1.langujobs.com\/wp-content\/uploads\/2025\/10\/work-at-Palma-de-Mallorca.webp","articleSection":["Palma de Mallorca","Palma de Mallorca","Spain","Spanien"],"inLanguage":"sv-SE"},{"@type":"WebPage","@id":"https:\/\/staging-1.langujobs.com\/sv\/jobba-i-palma-de-mallorca\/","url":"https:\/\/staging-1.langujobs.com\/sv\/jobba-i-palma-de-mallorca\/","name":"Jobba i Palma de Mallorca \u2013 jobb, l\u00f6n och arbetsmarknad","isPartOf":{"@id":"https:\/\/staging-1.langujobs.com\/sv\/#website"},"primaryImageOfPage":{"@id":"https:\/\/staging-1.langujobs.com\/sv\/jobba-i-palma-de-mallorca\/#primaryimage"},"image":{"@id":"https:\/\/staging-1.langujobs.com\/sv\/jobba-i-palma-de-mallorca\/#primaryimage"},"thumbnailUrl":"https:\/\/staging-1.langujobs.com\/wp-content\/uploads\/2025\/10\/work-at-Palma-de-Mallorca.webp","datePublished":"2025-10-04T12:14:41+00:00","dateModified":"2026-04-03T14:21:31+00:00","description":"Jobba i Palma de Mallorca \u2013 jobb, l\u00f6ner och boende. Uppt\u00e4ck m\u00f6jligheter inom turism, kundservice, digitala roller och internationella f\u00f6retag.","breadcrumb":{"@id":"https:\/\/staging-1.langujobs.com\/sv\/jobba-i-palma-de-mallorca\/#breadcrumb"},"inLanguage":"sv-SE","potentialAction":[{"@type":"ReadAction","target":["https:\/\/staging-1.langujobs.com\/sv\/jobba-i-palma-de-mallorca\/"]}]},{"@type":"ImageObject","inLanguage":"sv-SE","@id":"https:\/\/staging-1.langujobs.com\/sv\/jobba-i-palma-de-mallorca\/#primaryimage","url":"https:\/\/staging-1.langujobs.com\/wp-content\/uploads\/2025\/10\/work-at-Palma-de-Mallorca.webp","contentUrl":"https:\/\/staging-1.langujobs.com\/wp-content\/uploads\/2025\/10\/work-at-Palma-de-Mallorca.webp","width":1536,"height":974},{"@type":"BreadcrumbList","@id":"https:\/\/staging-1.langujobs.com\/sv\/jobba-i-palma-de-mallorca\/#breadcrumb","itemListElement":[{"@type":"ListItem","position":1,"name":"Home","item":"https:\/\/staging-1.langujobs.com\/sv\/"},{"@type":"ListItem","position":2,"name":"Jobba i Palma de Mallorca \u2013 jobb, l\u00f6ner och livet p\u00e5 Mallorca"}]},{"@type":"WebSite","@id":"https:\/\/staging-1.langujobs.com\/sv\/#website","url":"https:\/\/staging-1.langujobs.com\/sv\/","name":"Langujobs","description":"Find Your Dream Language Job Abroad","publisher":{"@id":"https:\/\/staging-1.langujobs.com\/sv\/#organization"},"potentialAction":[{"@type":"SearchAction","target":{"@type":"EntryPoint","urlTemplate":"https:\/\/staging-1.langujobs.com\/sv\/?s={search_term_string}"},"query-input":{"@type":"PropertyValueSpecification","valueRequired":true,"valueName":"search_term_string"}}],"inLanguage":"sv-SE"},{"@type":"Organization","@id":"https:\/\/staging-1.langujobs.com\/sv\/#organization","name":"Langujobs","url":"https:\/\/staging-1.langujobs.com\/sv\/","logo":{"@type":"ImageObject","inLanguage":"sv-SE","@id":"https:\/\/staging-1.langujobs.com\/sv\/#\/schema\/logo\/image\/","url":"https:\/\/staging-1.langujobs.com\/wp-content\/uploads\/2025\/05\/langujobs-logo-full.png","contentUrl":"https:\/\/staging-1.langujobs.com\/wp-content\/uploads\/2025\/05\/langujobs-logo-full.png","width":540,"height":108,"caption":"Langujobs"},"image":{"@id":"https:\/\/staging-1.langujobs.com\/sv\/#\/schema\/logo\/image\/"}},{"@type":"Person","@id":"https:\/\/staging-1.langujobs.com\/sv\/#\/schema\/person\/4c370e61f09968a02984d65c8f3f8707","name":"Jessica","image":{"@type":"ImageObject","inLanguage":"sv-SE","@id":"https:\/\/secure.gravatar.com\/avatar\/378be037fa4a43092601ba38fd93ca56647cdbd98ec0d16f480d9132acae3ce6?s=96&d=mm&r=g","url":"https:\/\/secure.gravatar.com\/avatar\/378be037fa4a43092601ba38fd93ca56647cdbd98ec0d16f480d9132acae3ce6?s=96&d=mm&r=g","contentUrl":"https:\/\/secure.gravatar.com\/avatar\/378be037fa4a43092601ba38fd93ca56647cdbd98ec0d16f480d9132acae3ce6?s=96&d=mm&r=g","caption":"Jessica"}}]}},"_links":{"self":[{"href":"https:\/\/staging-1.langujobs.com\/sv\/wp-json\/wp\/v2\/posts\/1062","targetHints":{"allow":["GET"]}}],"collection":[{"href":"https:\/\/staging-1.langujobs.com\/sv\/wp-json\/wp\/v2\/posts"}],"about":[{"href":"https:\/\/staging-1.langujobs.com\/sv\/wp-json\/wp\/v2\/types\/post"}],"author":[{"embeddable":true,"href":"https:\/\/staging-1.langujobs.com\/sv\/wp-json\/wp\/v2\/users\/6"}],"replies":[{"embeddable":true,"href":"https:\/\/staging-1.langujobs.com\/sv\/wp-json\/wp\/v2\/comments?post=1062"}],"version-history":[{"count":4,"href":"https:\/\/staging-1.langujobs.com\/sv\/wp-json\/wp\/v2\/posts\/1062\/revisions"}],"predecessor-version":[{"id":26138,"href":"https:\/\/staging-1.langujobs.com\/sv\/wp-json\/wp\/v2\/posts\/1062\/revisions\/26138"}],"wp:featuredmedia":[{"embeddable":true,"href":"https:\/\/staging-1.langujobs.com\/sv\/wp-json\/wp\/v2\/media\/1061"}],"wp:attachment":[{"href":"https:\/\/staging-1.langujobs.com\/sv\/wp-json\/wp\/v2\/media?parent=1062"}],"wp:term":[{"taxonomy":"category","embeddable":true,"href":"https:\/\/staging-1.langujobs.com\/sv\/wp-json\/wp\/v2\/categories?post=1062"},{"taxonomy":"post_tag","embeddable":true,"href":"https:\/\/staging-1.langujobs.com\/sv\/wp-json\/wp\/v2\/tags?post=1062"}],"curies":[{"name":"wp","href":"https:\/\/api.w.org\/{rel}","templated":true}]}}